{"id":149,"date":"2026-03-31T10:42:52","date_gmt":"2026-03-31T10:42:52","guid":{"rendered":"http:\/\/www.calabreat.com\/?p=149"},"modified":"2026-03-31T10:42:52","modified_gmt":"2026-03-31T10:42:52","slug":"isola-di-dino-tra-storia-e-meraviglie-naturali","status":"publish","type":"post","link":"http:\/\/www.calabreat.com\/?p=149","title":{"rendered":"Isola di Dino: tra storia e meraviglie naturali"},"content":{"rendered":"\n<style>\n.cal-article{max-width:860px;margin:0 auto;padding:70px 20px 80px;background:#fff;font-family:\"Open Sans\",sans-serif;color:#777}\n.cal-article__label{font-size:11px;letter-spacing:.18em;text-transform:uppercase;color:#b79b7f;margin-bottom:8px}\n.cal-article__header{max-width:700px;border-bottom:1px solid #e4dfd9;padding-bottom:26px;margin-bottom:40px}\n.cal-article__title{font-family:\"Playfair Display\",serif;font-weight:400;font-size:38px;color:#e2c68e;margin:0 0 14px}\n.cal-article__subtitle{font-size:16px;line-height:1.7;color:#8e8e8e;margin:0 0 12px}\n.cal-article__meta{font-size:11px;letter-spacing:.16em;text-transform:uppercase;color:#aaa}\n.cal-article__body{max-width:700px;margin-top:35px;font-size:15px;line-height:1.95}\n.cal-article__body p{margin:0 0 18px}\n.cal-article__body p:first-of-type::first-letter{font-family:\"Playfair Display\",serif;float:left;font-size:44px;line-height:1;padding-right:8px;padding-top:4px;color:#e2c68e}\n.cal-article__body h2{font-family:\"Playfair Display\",serif;font-weight:400;font-size:24px;color:#c49a6d;margin:30px 0 12px}\n.cal-article__box{margin:22px 0;border:1px solid #e4dfd9;background:#fbf9f7;padding:18px 20px}\n.cal-article__box-title{font-size:13px;letter-spacing:.16em;text-transform:uppercase;color:#b79b7f;margin:0 0 10px}\n.cal-article__list{margin:0;padding-left:18px;font-size:14px}\n.cal-article__list li{margin-bottom:8px}\n@media (max-width:768px){.cal-article{padding:50px 18px 60px}.cal-article__title{font-size:30px}}\n<\/style>\n\n<section class=\"cal-article\">\n  <header class=\"cal-article__header\">\n    <div class=\"cal-article__label\">CALABREAT \u00b7 VIAGGI<\/div>\n    \n    <p class=\"cal-article__subtitle\">\n      Settembre, il mare pi\u00f9 bello, e un\u2019isola selvaggia davanti a Praia a Mare:\n      grotte, falesie, leggende e una natura che ha saputo riprendersi spazio.\n    <\/p>\n    <p class=\"cal-article__meta\">ARTICOLO \u00b7 RIVIERA DEI CEDRI \u00b7 CALABRIA<\/p>\n  <\/header>\n\n  <div class=\"cal-article__body\">\n    <p>\n      Esiste una grande verit\u00e0: il mare a settembre \u00e8 il mare pi\u00f9 bello. Le coste tornano rilassanti, accoglienti.\n      E se scegli un luogo come l\u2019Isola di Dino, la nostalgia dell\u2019ultimo mare d\u2019estate diventa un dettaglio.\n    <\/p>\n\n    <h2>Perch\u00e9 si chiama Dino<\/h2>\n    <p>\n      Il nome potrebbe derivare dal greco \u201cdina\u201d, tempesta: quando il mare \u00e8 impetuoso, gli scogli vengono battuti con forza.\n      Altri rimandano a leggende legate a Venere (aedina\/Dionea).\n    <\/p>\n\n    <h2>Un luogo in cui Madre Natura ha vinto sull\u2019uomo<\/h2>\n    <p>\n      Nel tempo l\u2019isola \u00e8 stata teatro di battaglie e trasformazioni: dalla torre di avvistamento ai progetti turistici mai conclusi.\n      Oggi, resta un posto dove la natura ha saputo riprendersi la scena.\n    <\/p>\n\n    <h2>Come arrivare e cosa vedere<\/h2>\n    <div class=\"cal-article__box\">\n      <div class=\"cal-article__box-title\">Da non perdere<\/div>\n      <ul class=\"cal-article__list\">\n        <li>Escursione in barca da Praia a Mare (unico attracco sicuro).<\/li>\n        <li>Falesie calcaree e mare cristallino.<\/li>\n        <li>Grotte millenarie: <strong>Grotta Azzurra<\/strong> e <strong>Grotta delle Cascate<\/strong>.<\/li>\n        <li>Panorami dal punto della torre e avvistamento di fauna (aironi, falchi, gabbiani).<\/li>\n      <\/ul>\n    <\/div>\n  <\/div>\n<\/section>\n","protected":false},"excerpt":{"rendered":"<p>CALABREAT \u00b7 VIAGGI Settembre, il mare pi\u00f9 bello, e un\u2019isola selvaggia davanti a Praia a Mare: grotte, falesie, leggende e una natura che ha saputo riprendersi spazio. ARTICOLO \u00b7 RIVIERA DEI CEDRI \u00b7 CALABRIA Esiste una grande verit\u00e0: il mare a settembre \u00e8 il mare pi\u00f9 bello. Le coste tornano rilassanti, accoglienti. E se scegli [&hellip;]<\/p>\n","protected":false},"author":1,"featured_media":0,"comment_status":"open","ping_status":"open","sticky":false,"template":"","format":"standard","meta":{"_jetpack_memberships_contains_paid_content":false,"footnotes":""},"categories":[1],"tags":[],"class_list":["post-149","post","type-post","status-publish","format-standard","hentry","category-uncategorized"],"blocksy_meta":[],"jetpack_featured_media_url":"","jetpack_sharing_enabled":true,"_links":{"self":[{"href":"http:\/\/www.calabreat.com\/index.php?rest_route=\/wp\/v2\/posts\/149","targetHints":{"allow":["GET"]}}],"collection":[{"href":"http:\/\/www.calabreat.com\/index.php?rest_route=\/wp\/v2\/posts"}],"about":[{"href":"http:\/\/www.calabreat.com\/index.php?rest_route=\/wp\/v2\/types\/post"}],"author":[{"embeddable":true,"href":"http:\/\/www.calabreat.com\/index.php?rest_route=\/wp\/v2\/users\/1"}],"replies":[{"embeddable":true,"href":"http:\/\/www.calabreat.com\/index.php?rest_route=%2Fwp%2Fv2%2Fcomments&post=149"}],"version-history":[{"count":1,"href":"http:\/\/www.calabreat.com\/index.php?rest_route=\/wp\/v2\/posts\/149\/revisions"}],"predecessor-version":[{"id":150,"href":"http:\/\/www.calabreat.com\/index.php?rest_route=\/wp\/v2\/posts\/149\/revisions\/150"}],"wp:attachment":[{"href":"http:\/\/www.calabreat.com\/index.php?rest_route=%2Fwp%2Fv2%2Fmedia&parent=149"}],"wp:term":[{"taxonomy":"category","embeddable":true,"href":"http:\/\/www.calabreat.com\/index.php?rest_route=%2Fwp%2Fv2%2Fcategories&post=149"},{"taxonomy":"post_tag","embeddable":true,"href":"http:\/\/www.calabreat.com\/index.php?rest_route=%2Fwp%2Fv2%2Ftags&post=149"}],"curies":[{"name":"wp","href":"https:\/\/api.w.org\/{rel}","templated":true}]}}